{"id":5067,"date":"2021-12-16T14:35:14","date_gmt":"2021-12-16T11:35:14","guid":{"rendered":"https:\/\/www.yagizturizm.com\/?p=5067"},"modified":"2021-12-16T14:35:47","modified_gmt":"2021-12-16T11:35:47","slug":"benelux-paris","status":"publish","type":"post","link":"https:\/\/www.yagizturizm.com\/index.php\/2021\/12\/16\/benelux-paris\/","title":{"rendered":"BENELUX-PARIS"},"content":{"rendered":"\n<p>THY \u0130LE PAR\u0130S(3)BR\u00dcKSEL(1)AMSTERDAM(2)LUXEMBURG(1) LUXLUX 3*4* OTELLER<\/p>\n\n\n\n<h4 class=\"wp-block-heading\">1.G\u00dcN&nbsp;\u0399 ISTANBUL &#8211; LUKSEMBUGRG- PAR\u0130S (Cumartesi, 22 Ocak)<\/h4>\n\n\n\n<p>Siz de\u011ferli misafirlerimiz ile \u0130stanbul Havaliman\u0131 D\u0131\u015f Hatlar gidi\u015f terminali Kappatur kontuarlar\u0131nda 07:30&#8217;da bulu\u015fma. Bagaj, bilet ve bini\u015f i\u015flemlerinin ard\u0131ndan T\u00fcrk Havayollar\u0131n\u0131n tarifeli TK1353 tarifeli seferi ile saat 09:35&#8217;da L\u00fcksemburg&#8217;a u\u00e7u\u015f.Yerel saat ile 11:00&#8217;da var\u0131\u015f\u0131m\u0131z\u0131n ard\u0131ndan bizleri bekleyen \u00f6zel otob\u00fcslerimiz ve rehberimiz e\u015fli\u011finde Paris&#8217;e hareket.Yol \u00fczerinde dileyen misafirlerimiz alternatif olarak d\u00fczenlenecek olan Almanya ,Fransa ve Luxemburg s\u0131n\u0131rlar\u0131n\u0131n birle\u015fti\u011fi b\u00f6lgede \u00fcz\u00fcm ba\u011flar\u0131n\u0131n aras\u0131nda bulunan Schengen ve Champagne turuna kat\u0131labilirler.Bu turumuzda Schengen anla\u015fmas\u0131n\u0131n bu b\u00f6lgede imzalanmas\u0131ndan ortaya \u00e7\u0131kan schengen vizesine ad\u0131n\u0131 vererek D\u00fcnyada \u00fcn kazanm\u0131\u015f bu topraklarda yerel halk\u0131n yapt\u0131\u011f\u0131 \u00e7ok \u00f6zel \u015faraplar\u0131n tad\u0131na bakabilir ayr\u0131ca bu do\u011fa harikas\u0131 k\u00f6y\u00fcn ve az say\u0131daki ya\u015fayanlar\u0131n\u0131n ya\u015fam tarzlar\u0131na tan\u0131k olabilirsiniz. Champagne da ise Fransa&#8217;n\u0131n kraliyet \u015fehri Reims&#8217;e gidilir.\u00dclkenin dini merkezi reims katedrali g\u00f6r\u00fclecek yerler aras\u0131ndad\u0131r. Turumuzun ard\u0131ndan Paris&#8217;e hareket.Paris&#8217;e var\u0131\u015f\u0131m\u0131z\u0131 takiben panoramik \u015fehir turu. Bu turumuzda Fransa&#8217;n\u0131n en \u00f6nemli sembol\u00fc Eyfel Kulesi ilk g\u00f6r\u00fclecek yerler aras\u0131ndad\u0131r. Sonras\u0131nda D\u00fcnyaca \u00fcnl\u00fc Louvre M\u00fczesi,\u015fark\u0131lara konu olmu\u015f,en \u015f\u0131k ma\u011fazalar\u0131 ve kafeleriyle \u00fcnl\u00fc al\u0131\u015fveri\u015f caddesi Champ Elysse ve burada meydan olarak adland\u0131r\u0131lan Zafer Meydan\u0131n\u0131 ve 224 basamakla tepesine var\u0131ld\u0131\u011f\u0131nda Paris \u015fehir manzaras\u0131n\u0131 izleyebilece\u011finiz Zafer Tak\u0131 g\u00f6r\u00fclecek yerler aras\u0131ndad\u0131r.panoramik turumuzun ard\u0131ndan Paris otelimize transfer ve geceleme otelimizde.<br><strong>Schengen ve Champagne turu: 70 \u20ac (Ki\u015fi Ba\u015f\u0131)<\/strong><\/p>\n\n\n\n<figure class=\"wp-block-image size-full\"><img loading=\"lazy\" decoding=\"async\" width=\"300\" height=\"200\" src=\"https:\/\/www.yagizturizm.com\/wp-content\/uploads\/2021\/12\/03.jpg\" alt=\"\" class=\"wp-image-5069\" srcset=\"https:\/\/www.yagizturizm.com\/wp-content\/uploads\/2021\/12\/03.jpg 300w, https:\/\/www.yagizturizm.com\/wp-content\/uploads\/2021\/12\/03-280x187.jpg 280w\" sizes=\"(max-width: 300px) 100vw, 300px\" \/><\/figure>\n\n\n\n<h4 class=\"wp-block-heading\">2.G\u00dcN&nbsp;\u0399 PAR\u0130S (Pazar, 23 Ocak)<\/h4>\n\n\n\n<p>Otelimizde alaca\u011f\u0131m\u0131z sabah kahvalt\u0131m\u0131z\u0131n ard\u0131ndan t\u00fcm g\u00fcn serbest zaman.Dileyen misafirlerimiz rehberimiz ve \u00f6zel ara\u00e7lar\u0131m\u0131z e\u015fli\u011finde alternatif olarak d\u00fczenlenecek Paris \u015eaheserleri,Montmartre,Eiffel ve Seine Nehri turuna kat\u0131labilirler.ilk dura\u011f\u0131m\u0131z Paris&#8217;in simgesi Eiffel kulesi olacakt\u0131r.Eiffel kulesinin 2.kat\u0131na \u00e7\u0131karak e\u015fsiz Paris manzas\u0131n\u0131 seyredece\u011fiz.Ard\u0131ndan \u015fehri ortadan ay\u0131ran ve Fransa&#8217;n\u0131n en \u00f6nemli suyolu Seine Nehri&#8217;nde Tekne gezimizi yapaca\u011f\u0131z.Tekne gezimizin ard\u0131ndan filmlere konu,\u015fark\u0131lara ilham olmu\u015f Notre Dame Katedrali g\u00f6r\u00fclecek yerler aras\u0131ndad\u0131r.Sonras\u0131nda Picasso, Salvador Dali ve Van Gogh&#8217;un da tablolar\u0131n\u0131 yaparken ilham ald\u0131\u011f\u0131,kendi portrenizi de sokak ressamlar\u0131na \u00e7izdirebilece\u011finiz Montmartre ressamlar tepesi ve i\u00e7inde Fransa&#8217;n\u0131n en b\u00fcy\u00fck mozai\u011fini bar\u0131nd\u0131ran Sacre Coeur kilisesini g\u00f6r\u00fclecek yerler aras\u0131ndad\u0131r. Ak\u015fam dileyen misafirlerimiz alternatif olarak Paris by night turuna kat\u0131labilirler.I\u015f\u0131kland\u0131r\u0131lm\u0131\u015f gizemli caddelerinde de\u011fi\u015fik bir y\u00fcz\u00fcn\u00fc ke\u015ffedece\u011finiz.\u00d6zel olarak \u0131\u015f\u0131kland\u0131r\u0131lm\u0131\u015f g\u00f6rkemli yap\u0131 ve meydanlar\u0131 ziyaret ettikten sonra, Eiffel Kulesi&#8217;nin &#8216;\u0131\u015f\u0131k show&#8217;unu izleyece\u011fiz.Ard\u0131ndan dileyen misafirlerimiz alternatif olarak 65 y\u0131ld\u0131r dans g\u00f6sterileriyle Paris&#8217;in d\u00fcnyaca \u00fcnl\u00fc kabaresi Lido Show turuna kat\u0131labilirler. I\u015f\u0131k Eiffel Show&#8217;unun tad\u0131 hen\u00fcz damaklar\u0131m\u0131zdayken, kendimizi d\u00fcnyan\u0131n en me\u015fhur kabarelerinden LIDO SHOW&#8217;un sihirli d\u00fcnyas\u0131nda, bizlere \u00f6zel olarak ayr\u0131lm\u0131\u015f masalarda \u015fampanya yudumlarken bulaca\u011f\u0131z. Muhte\u015fem sahne ve \u0131\u015f\u0131k oyunlar\u0131na dans\u00e7\u0131lar\u0131n usta dokunu\u015flar\u0131 e\u015flik ederken, sizlere gecenin keyfini \u00e7\u0131karmak kal\u0131yor. Turumuzun ard\u0131ndan Paris otelimize transfer ve geceleme otelimizde.<br><strong>Paris \u015eaheserleri, Montmartre,Seine Nehri Gezisi ve Eiffel Kulesi: 80 \u20ac (Ki\u015fi Ba\u015f\u0131)<br>Paris By Night Turu : 30 \u20ac (Ki\u015fi Ba\u015f\u0131)<br>Lido Show: 170 \u20ac (Ki\u015fi Ba\u015f\u0131)<\/strong><\/p>\n\n\n\n<h4 class=\"wp-block-heading\">3.G\u00dcN&nbsp;\u0399 PAR\u0130S (Pazartesi, 24 Ocak)<\/h4>\n\n\n\n<p>Otelimizde alaca\u011f\u0131m\u0131z sabah kahvalt\u0131m\u0131z\u0131n ard\u0131ndan t\u00fcm g\u00fcn serbest zaman.Dileyen misafirlerimiz rehberimiz ve \u00f6zel ara\u00e7lar\u0131m\u0131z e\u015fli\u011finde alternatif olarak organize edilebilecek olan 7&#8217;den 77&#8217;ye herkese hayallerin son noktas\u0131n\u0131 sunan Disneyland Turu&#8217;na kat\u0131labilirler.Bu turumuzda, Hayaletler evi, Mark Twain&#8217;in Gemisi, \u00e7\u0131lg\u0131n maden treni, Indiana Jones, Robinson&#8217;un evi, Karayip korsanlar\u0131 ma\u011faras\u0131, bebekler d\u00fcnyas\u0131, y\u0131ld\u0131zlar turu, 3 boyutlu sinema, uzaya yolculuk, denizalt\u0131 maceras\u0131, araba yar\u0131\u015f pisti gibi aktivitelerle b\u00fcy\u00fckler de en az k\u00fc\u00e7\u00fckler kadar e\u011flenecek ve Disney karakterleriyle beraber g\u00fcn boyunca \u00e7ok keyifli anlar ya\u015fayaca\u011f\u0131z. Ayr\u0131ca dileyen misafirlerimiz alternatif olarak d\u00fczenlenecek La Vall\u00e9e Outlet Center turuna kat\u0131labilirler. Bu turumuzda misafirlerimiz d\u00fcnyaca \u00fcnl\u00fc markalar\u0131 bar\u0131nd\u0131ran birbiriyle uyumlu pek \u00e7ok binan\u0131n yan yana dizilmesiyle olu\u015fturulmu\u015f al\u0131\u015fveri\u015f k\u00f6y\u00fcnde al\u0131\u015fveri\u015flerini yapabilirler.(D\u0131sneyland turunun ger\u00e7ekle\u015fmemesi durumunda dileyen misafirler alternatif olarak Versailles Saray\u0131 turumuza kat\u0131labilirler. Versailles saray\u0131 Avrupa&#8217;n\u0131n en b\u00fcy\u00fck saray\u0131 olmakla beraber u\u00e7suz bucaks\u0131z bah\u00e7esiyle dillere destan olmu\u015ftur.) Tur sonras\u0131 geceleme otelinizde.<br><strong>Disneyland Turu: 110 \u20ac (Ki\u015fi Ba\u015f\u0131) \u00c7\u0130FT PARK 125 \u20ac ( Ki\u015fi Ba\u015f\u0131)<br>La Vallee Outlet Center: 30 \u20ac (Ki\u015fi Ba\u015f\u0131)<br>Versailles Saray\u0131 Bah\u00e7eleri Turu : 60 \u20ac (Ki\u015fi Ba\u015f\u0131)<\/strong><\/p>\n\n\n\n<figure class=\"wp-block-image size-full\"><img loading=\"lazy\" decoding=\"async\" width=\"300\" height=\"200\" src=\"https:\/\/www.yagizturizm.com\/wp-content\/uploads\/2021\/12\/00-1.jpg\" alt=\"\" class=\"wp-image-5071\" srcset=\"https:\/\/www.yagizturizm.com\/wp-content\/uploads\/2021\/12\/00-1.jpg 300w, https:\/\/www.yagizturizm.com\/wp-content\/uploads\/2021\/12\/00-1-280x187.jpg 280w\" sizes=\"(max-width: 300px) 100vw, 300px\" \/><\/figure>\n\n\n\n<h4 class=\"wp-block-heading\">4.G\u00dcN&nbsp;\u0399 PAR\u0130S-BR\u00dcKSEL (Sal\u0131, 25 Ocak)<\/h4>\n\n\n\n<p>Otelimizde alaca\u011f\u0131m\u0131z sabah kahvalt\u0131m\u0131z\u0131n ard\u0131ndan Bruksel&#8217;e hareket. Dileyen misafirlerimiz yol \u00fczerinde alternatif olarak d\u00fczenlenecek Brugge Turuna kat\u0131labilirler.Brugge Bel\u00e7ika&#8217;n\u0131n Bat\u0131 Flandra b\u00f6lgesinin ba\u015fkentidir.Farkl\u0131 tatlarda \u00e7ikolatalar\u0131,dantelleri,biras\u0131 ve kanallar\u0131yla \u00fcnl\u00fc tipik bir Orta\u00e7a\u011f kentinde hediyelik e\u015fya al\u0131\u015fveri\u015fi,\u00e7ikolatalar\u0131 tad\u0131p biran\u0131z\u0131 yudumlayabilece\u011finiz bir tur olacak ve ard\u0131ndan Bruksel&#8217;e hareket.Dileyen misafirlerimiz yol \u00fczerinde alternatif olarak d\u00fczenlenecek Gant Turuna kat\u0131labilirler.Bu turumuz s\u0131ras\u0131nda 13.yy da ipek merkezi olan ve 16 yy da Krali\u00e7e Elizabet in d\u00fcnyaya de\u011ferli ta\u015flar\u0131yla lanse etti\u011fi Bel\u00e7ika&#8217;n\u0131n kaleleri,\u015fatolar\u0131,kuleleriyle tarihin en g\u00fczel \u00e7izgisini ta\u015f\u0131yan \u015fehri g\u00f6rece\u011fiz.Gant turumuzun ard\u0131ndan Br\u00fcksel&#8217;e hareket, Br\u00fcksel&#8217;e var\u0131\u015f\u0131 takiben Panoramik \u015fehir turu.Br\u00fcksel, AB ve NATO nun ba\u015fkenti olmas\u0131yla Avrupa&#8217;da \u00f6nemli bir yer tutmaktad\u0131r.Turumuzda Bel\u00e7ika kral\u0131n\u0131n \u00c7in ve Japonya&#8217;y\u0131 ilk ziyaret eden Avrupa kral\u0131 olmas\u0131ndan \u00f6t\u00fcr\u00fc \u00c7inlilerin Bel\u00e7ikal\u0131lara hediye etti\u011fi \u00c7in ve Japon evleri, bir atom \u00e7ekirde\u011finin 165 milyon kere b\u00fcy\u00fct\u00fclm\u00fc\u015f hali olan, 102 metre uzunlu\u011funda i\u00e7 i\u00e7e ge\u00e7mi\u015f 9 k\u00fcreden olu\u015fan \u00fcnl\u00fc Atomium heykeli ve 29 May\u0131s 1985&#8217;de oynanacak Juventus-Liverpool Avrupa \u015eampiyon Kulupler final ma\u00e7\u0131 \u00f6ncesi Liverpool taraftarlar\u0131n\u0131n \u0130talyanlara sald\u0131rmas\u0131 sonucu bir duvar \u00e7\u00f6kmesiyle 38 \u0130talyan ve 1 Liverpool taraftar\u0131n\u0131n hayat\u0131n\u0131 kaybetmesiyle ac\u0131 bir \u00fcne sahip Heysel stadyumu g\u00f6r\u00fclerek \u015fehir merkezine inilip Grand Place,\u00e7evresindeki kraliyet ve belediye saray\u0131,al\u0131\u015fveri\u015f merkezleri g\u00f6r\u00fclecektir.Turumuzun ard\u0131nan otelinize transfer ve Geceleme otelinizde.<br><strong>Brugge Turu : 40 \u20ac (Ki\u015fi Ba\u015f\u0131 )<br>Gant Turu : 30 \u20ac (Ki\u015fi Ba\u015f\u0131 )<\/strong><\/p>\n\n\n\n<h4 class=\"wp-block-heading\">5.G\u00dcN&nbsp;\u0399 BR\u00dcKSEL-AMSTERDAM (\u00c7ar\u015famba, 26 Ocak)<\/h4>\n\n\n\n<p>Otelimizde alaca\u011f\u0131m\u0131z sabah kahvalt\u0131m\u0131z\u0131n ard\u0131ndan Amsterdam&#8217;a hareket ediyoruz. Amsterdam&#8217;a var\u0131\u015f\u0131m\u0131z ile ba\u015flayacak panaromik \u015fehir turu i\u00e7in hareket ediyoruz. \u00d6ncelikle tarihi \u015fehir meydan\u0131 olan Dam Meydan\u0131 ve 2. D\u00fcnya sava\u015f\u0131 kurbanlar\u0131n\u0131 anmak i\u00e7in dikilen Ulusal an\u0131t\u0131, Amsterdam&#8217;\u0131n en \u00e7arp\u0131c\u0131 yap\u0131lar\u0131ndan biri olan Kraliyet Saray\u0131 ve 3 yapay ada \u00fczerindeki istasyon binas\u0131n\u0131 g\u00f6r\u00fcyoruz. Amsterdam&#8217;\u0131n a\u00e7\u0131k ve ho\u015fg\u00f6r\u00fc k\u00fclt\u00fcr\u00fcn\u00fcn bir sembol\u00fc haline gelmi\u015f olan coffee shoplar\u0131yla \u00fcnl\u00fc K\u0131rm\u0131z\u0131 Fener Soka\u011f\u0131n\u0131, geziyoruz. Dileyen misafirlerimiz alternatif olarak d\u00fczenlenecek olan Amsterdam Tekne turuna kat\u0131labilirler.Bu turumuzda Amsterdam&#8217;\u0131n olu\u015fumunu ve ismini almas\u0131nda rol oynayan Amsterdam a birde Amstel nehri \u00fczerinden seyretme f\u0131rsat\u0131 yakalayabilirsiniz. Turumuz sonras\u0131nda otelimize hareket ve odalara yerle\u015fme. Geceleme otelimizde.<br><strong>Amsterdam Tekne Turu : 20 \u20ac (Ki\u015fi Ba\u015f\u0131)<\/strong><\/p>\n\n\n\n<h4 class=\"wp-block-heading\">6.G\u00dcN&nbsp;\u0399 AMSTERDAM (Per\u015fembe, 27 Ocak)<\/h4>\n\n\n\n<p>Otelimizde alaca\u011f\u0131m\u0131z sabah kahvalt\u0131m\u0131z\u0131n ard\u0131ndan t\u00fcm g\u00fcn serbest zaman.Dileyen misafirlerimiz alternatif olarak d\u00fczenlenecek olan Marken-Volendam turuna kat\u0131labilirler.Konuklar\u0131m\u0131zla 200 y\u0131ld\u0131r hi\u00e7 de\u011fi\u015fmemi\u015f local ah\u015fap evleriyle ve ya\u015fayan insanlar\u0131yla bir yar\u0131m ada olan eski bal\u0131k\u00e7\u0131 kasabas\u0131 Marken&#8217;da y\u00fcr\u00fcy\u00fc\u015f yap\u0131yoruz. Bu k\u00fc\u00e7\u00fck bal\u0131k\u00e7\u0131 kasabalar\u0131nda etnik Hollanda k\u00fclt\u00fcr\u00fcn\u00fc ve geleneklerini ke\u015ffettikten sonra Volendam&#8217;da Hollanda&#8217;n\u0131n me\u015fhur Gouda peynirlerinin yap\u0131m\u0131n\u0131 g\u00f6rmeye bir peynir fabrikas\u0131na gidiyoruz. Ayr\u0131ca yine Hollanda&#8217;n\u0131n simgelerinden olan Klompen ad\u0131 verilen tahta ayakkab\u0131lar\u0131 da burada g\u00f6rebilece\u011fiz. 20. Yy&#8217;da Picasso,Renoir gibi artistleri kendine \u00e7eken 14.yy sonras\u0131 bal\u0131k\u00e7\u0131lar\u0131n yerle\u015fti\u011fi bu g\u00fczel tipik kasabam\u0131z\u0131 ziyaret ederken Hollanda&#8217;n\u0131n t\u00fcm hediyelik e\u015fyalar\u0131n\u0131 uygun fiyatlarla alabileceksiniz.Ard\u0131ndan dileyen Misafirlerimiz alternatif olarak d\u00fczenlenecek Grand Holland Turuna kat\u0131labilirler. Bu turumuzda Hollanda&#8217;n\u0131n ikinci b\u00fcy\u00fck \u015fehri ve d\u00fcnyan\u0131n en b\u00fcy\u00fck liman\u0131 olan Rotterdam&#8217;\u0131 g\u00f6rece\u011fiz. \u015eehir, II.D\u00fcnya Sava\u015f\u0131ndaki bombalama sonras\u0131 yeniden in\u015fa edilmi\u015ftir.G\u00f6rkemli,b\u00fcy\u00fcleyici ve \u00e7a\u011fda\u015f mimarisiyle g\u00f6z kama\u015ft\u0131ran \u015fehirde Erasmus k\u00f6pr\u00fcs\u00fcn\u00fc g\u00f6rece\u011fiz ard\u0131ndan Hollanda&#8217;n\u0131n siyasi ve idari ba\u015fkenti olma \u00f6zelli\u011fi ta\u015f\u0131yan Lahey kentine yolculu\u011fa \u00e7\u0131kaca\u011f\u0131z ve Bir \u00e7ok \u00f6nemli yap\u0131n\u0131n da kavu\u015ftu\u011fu nokta olan Plein meydan\u0131ndan \u015fehri panaromik olarak g\u00f6rece\u011fiz.Turumuz sonras\u0131 otelimize transfer ve geceleme otelimizde.<br><strong>Marken-Volendam Turu: 60 \u20ac (Ki\u015fi Ba\u015f\u0131)<br>Grand Holland Turu Turu: 80 \u20ac (Ki\u015fi Ba\u015f\u0131)<\/strong><\/p>\n\n\n\n<h4 class=\"wp-block-heading\">7.G\u00dcN&nbsp;\u0399 AMSTERDAM-L\u00dcKSEMBURG (Cuma, 28 Ocak)<\/h4>\n\n\n\n<p>Otelimizde alaca\u011f\u0131m\u0131z sabah kahvalt\u0131m\u0131z\u0131n ard\u0131ndan odalar\u0131n bo\u015falt\u0131lmas\u0131 ve L\u00fcksemburg&#8217;a hareket.Dileyen misafirlerimiz yol \u00fczerinde alternatif olarak d\u00fczenlenecek Cochem-K\u00f6ln Turu&#8217;na kat\u0131labilirler.Cochem turumuzda Orta\u00e7a\u011f&#8217;dan kalma kaleleri,masallara konu olan \u015fatolar\u0131,ola\u011fan\u00fcst\u00fc do\u011fa manzaras\u0131 ile haf\u0131zalar\u0131n\u0131zdan \u00e7\u0131kmayacak bir zaman ge\u00e7ireceksiniz.Turumuzun ard\u0131ndan K\u00f6ln&#8217;e hareket.K\u00f6ln \u015fehir turumuzda in\u015faat\u0131na 1248&#8217;de ba\u015flanm\u0131\u015f ve in\u015faat\u0131 tam 632 y\u0131l s\u00fcrd\u00fc\u011f\u00fcnden bitirilemeyen katedral olarak olarak \u00fcn yapm\u0131\u015f ve 157 metre uzunlu\u011funda iki kuleye sahip oldu\u011fu i\u00e7in Almanya&#8217;n\u0131n ikinci D\u00fcnyan\u0131n \u00fc\u00e7\u00fcnc\u00fc b\u00fcy\u00fck katedrali olarak kabul edilen K\u00f6ln Katedrali,Orta\u00e7a\u011f\u0131n \u00fcnl\u00fc gotik tarz\u0131nda in\u015fa edilmi\u015f bir Katolik kilisesi,1230 km uzunlu\u011fuyla Bat\u0131 Avrupa&#8217;n\u0131n en \u00f6nemli nehirlerinden Rhein Nehri g\u00f6r\u00fclecek yerler aras\u0131ndad\u0131r.Ard\u0131ndan L\u00fcksemburg&#8217;a hareket ediyoruz.Luxemburg&#8217;a var\u0131\u015f.Panoramik \u015fehir turumuzda \u015fahane manzaras\u0131yla foto\u011fraf \u00e7ekebilece\u011finiz Petrus vadisini, eski \u015fehir merkezini ve dar sokaklar\u0131, L\u00fcksemburg i\u00e7in ulusal ba\u011f\u0131ms\u0131z\u0131k sembol\u00fc haline gelmi\u015f \u00f6nceleri otel olarak hizmet veren ve sonras\u0131nda restorasyona u\u011fram\u0131\u015f h\u00fck\u00fcmet binas\u0131 haline gelmi\u015f D\u00fckler saray\u0131n\u0131 g\u00f6rece\u011fiz. Turumuzun ard\u0131ndan otelimize transfer ve geceleme otelimizde.<br><strong>Cochem- K\u00f6ln Turu : 50 \u20ac (Ki\u015fi Ba\u015f\u0131)<\/strong><\/p>\n\n\n\n<h4 class=\"wp-block-heading\">8.G\u00dcN&nbsp;\u0399 L\u00dcKSEMBURG-ISTANBUL (Cumartesi, 29 Ocak)<\/h4>\n\n\n\n<p>Otelimizde alaca\u011f\u0131m\u0131z sabah kahvalt\u0131m\u0131z\u0131n ard\u0131ndan odalar\u0131n bo\u015falt\u0131lmas\u0131 ve L\u00fcksemburg havaliman\u0131na hareket.Var\u0131\u015f\u0131m\u0131z\u0131n ard\u0131ndan T\u00fcrk Havayollar\u0131n\u0131n TK1354 tarifeli seferi ile saat 11:55&#8217;de \u0130stanbul&#8217;a hareket.Yerel saat ile 17:15&#8217;de \u0130stanbul Havaliman\u0131na var\u0131\u015f ve Kappatur hizmetlerinin sonu.<\/p>\n\n\n\n<h4 class=\"wp-block-heading\">***<\/h4>\n\n\n\n<p><strong>INDIRIM FIRSATLARINI KACIRMAYIN !<\/strong><br>2. turunu alana + % 5 indirim , 3. Turunu alana + % 10 indirim<br>(2022 y\u0131l\u0131 i\u00e7erisinde 2. ve 3. Turu alan misafirlerimize sadece paket tur fiyat\u0131 \u00fczerinden + indirim sa\u011flar)<br><strong>Arkada\u015f\u0131n\u0131 getirene + % 5 indirim.<\/strong><br>(2022 y\u0131l\u0131 i\u00e7erisinde arkada\u015f\u0131n\u0131 getirerek ayn\u0131 tura kay\u0131t yapt\u0131ran misafirlere ayn\u0131 y\u0131l i\u00e7erisinde kat\u0131lacaklar\u0131 2. Turda sadece paket tur fiyat\u0131 \u00fczerinden+ %5 indirim sa\u011flar.***\u0130ndirimler alan vergisi hari\u00e7 fiyattan hesaplan\u0131r.***<\/p>\n\n\n\n<p>PROGRAMDA K\u0130 9 TURU ALMAK \u0130STEYEN M\u0130SAF\u0130RLER\u0130M\u0130Z TURA KAYIT ESNASINDA&nbsp;<strong>%30<\/strong>&nbsp;\u0130ND\u0130R\u0130ML\u0130 ALAB\u0130L\u0130RLER.<s><strong>460 \u20ac<\/strong><\/s>&nbsp;YER\u0130NE&nbsp;<strong>320 \u20ac<\/strong><strong>.<\/strong><\/p>\n\n\n\n<p>1. Paris \u015eaheserleri, Montmartre,Seine Nehri Gezisi ve Eiffel Kulesi : 80 \u20ac (Ki\u015fi Ba\u015f\u0131)<br>2. Paris By Night Turu : 30 \u20ac (Ki\u015fi Ba\u015f\u0131)<br>3. Schengen ve Champagne turu: 70 \u20ac (Ki\u015fi Ba\u015f\u0131)<br>4. K\u00f6ln Cochem Turu : 50 \u20ac (Ki\u015fi Ba\u015f\u0131)<br>5. Amsterdam Tekne Turu : 20 \u20ac (Ki\u015fi Ba\u015f\u0131)<br>6. Marken-Volendam Turu : 60 \u20ac (Ki\u015fi Ba\u015f\u0131)<br>7. Grand Holland Turu Turu: 80 \u20ac (Ki\u015fi Ba\u015f\u0131)<br>8. Brugge Turu : 40 \u20ac (Ki\u015fi Ba\u015f\u0131 )<br>9. Gent Turu : 30 \u20ac (Ki\u015fi Ba\u015f\u0131 )<\/p>\n\n\n\n<p>3 EKSTRA TUR KAYIT ESNASINDA&nbsp;<s><strong>210 \u20ac<\/strong><\/s>&nbsp;YER\u0130NE SADECE&nbsp;<strong>150 \u20ac<\/strong><strong>.<\/strong><br>1. Paris \u015eaheserleri, Montmartre,Seine Nehri Gezisi ve Eiffel Kulesi: 80 \u20ac (Ki\u015fi Ba\u015f\u0131)<br>2. Schengen ve Champagne turu: 70 \u20ac (Ki\u015fi Ba\u015f\u0131)<br>3. Marken-Volendam Turu: 60 \u20ac (Ki\u015fi Ba\u015f\u0131)<\/p>\n\n\n\n<p><strong>Tur \u00f6ncesi kay\u0131t esnas\u0131nda bu 2 paket d\u0131\u015f\u0131nda turlar se\u00e7ilerek al\u0131namaz.<\/strong><\/p>\n\n\n\n<h4 class=\"wp-block-heading\">PAKET TUR BRO\u015e\u00dcR\u00dc NOTLAR<\/h4>\n\n\n\n<p>&#8211; Yurtd\u0131\u015f\u0131 gezilerinde en az 6 ay ge\u00e7erli pasaport olmas\u0131 mecburidir. 10 y\u0131ldan eski pasaportlar yurtd\u0131\u015f\u0131na yap\u0131lan seyahatlerde ge\u00e7erli de\u011fildir, ve tur hareket tarihinden \u00f6nce yenilenmesi gerekmektedir.<br>&#8211; KAPPATUR, havayolu ile yolcu aras\u0131nda arac\u0131 konumunda olup, 28.09.1955 Lahey Protokol\u00fcne tabidir. U\u00e7u\u015f \u00f6ncesinde saatler de\u011fi\u015febilir ve t\u00fcm saatlerin hareket tarihlerinden 48 saat \u00f6nce misafirlerimiz taraf\u0131ndan merkez ofis aranarak yaz\u0131l\u0131 teyit edilmesi gerekmektedir.<br>&#8211; U\u00e7u\u015f saatlerini ve parkurunu teyit etmeyen misafirlerin i\u00e7 hat ba\u011flant\u0131 u\u00e7u\u015f ula\u015f\u0131mlar\u0131nda ya\u015fanan de\u011fi\u015fikliklerden Kappa tur sorumlu de\u011fildir.<br>&#8211; Tur program\u0131nda belirtilen tur g\u00fczerg\u00e2h\u0131 \u00f6rnek g\u00fczerg\u00e2h olup tur parkurunda de\u011fi\u015fiklik olabilir.<br>&#8211; U\u00e7a\u011f\u0131n inece\u011fi \u015fehir farkl\u0131l\u0131k g\u00f6sterebilir. Havayolu \u015firketleri taraf\u0131ndan yap\u0131labilecek saat de\u011fi\u015fiklikleri ve olabilecek r\u00f6tarlardan Kappa tur sorumlu tutulamaz.<br>&#8211; Kappa tur, gerekli g\u00f6rd\u00fc\u011f\u00fc durumlarda, tur g\u00fczerg\u00e2h\u0131n\u0131 i\u00e7eri\u011fi ayn\u0131 kalmak ko\u015fuluyla de\u011fi\u015ftirme hakk\u0131n\u0131 sakl\u0131 tutar.<br>&#8211; \u015eehir tan\u0131t\u0131m turlar\u0131 \u015fehre var\u0131\u015f saatine g\u00f6re bir sonraki g\u00fcn\/g\u00fcnler ger\u00e7ekle\u015ftirilebilir.<br>&#8211; Kappa tur, y\u0131ld\u0131z kategorisi ayn\u0131 kalmak kayd\u0131yla otel isimlerini de\u011fi\u015ftirme hakk\u0131n\u0131 sakl\u0131 tutar.<br>&#8211; Programlarda belirtilen t\u00fcm otel isimler V.B. (ve benzeri) olup y\u0131ld\u0131z kategorisi ve mesafe olarak \u00f6rnek te\u015fkil etmek i\u00e7in yaz\u0131lm\u0131\u015ft\u0131r. Belirtilen isimli otelde konaklama yap\u0131laca\u011f\u0131 anlam\u0131na gelmez.<br>&#8211; Bu paket turda minimum kat\u0131l\u0131mc\u0131 say\u0131s\u0131 her otel kategorisi i\u00e7in 40 ki\u015fidir. Paket tura kat\u0131lacak ki\u015fi say\u0131s\u0131n\u0131n yeterli olmamas\u0131 durumunda 21 g\u00fcn \u00f6ncesinden tur iptali t\u00fcketiciye bildirilir.<br>&#8211; Turun iptali durumunda vize \u00fccreti ve sigorta \u00fccretleri iade edilemez.<br>&#8211; Yol \u00fczerinde alternatif turlar gruptan en az 6 ki\u015finin kat\u0131l\u0131m\u0131 oldu\u011fu taktirde ger\u00e7ekle\u015fir. Kat\u0131lmak istemeyen misafirler mola yerinde bekletilir.<br>&#8211; Programlarda belirtilen geziler rehberin insiyatifinde herhangi bir nedenden dolay\u0131 belirtilen g\u00fcn\/ g\u00fcnler d\u0131\u015f\u0131nda ba\u015fka bir g\u00fcn yap\u0131labilir.<br>&#8211; Yerel otoriteler taraf\u0131ndan gezilmesine, gidilmesine herhangi bir sebeple izin verilmeyen gezi ya da turlar yap\u0131lmaz. Alternatif turlar minimum 20 ki\u015filik kat\u0131l\u0131m oldu\u011fu takdirde ger\u00e7ekle\u015ftirilebilir, daha az kat\u0131l\u0131m oldu\u011fu takdirde rehberin insiyatifinde ve gerekli olur ise fiyatlar de\u011fi\u015ftirilerek ger\u00e7ekle\u015ftirilebilir. Bu gezi ya da turlar\u0131n yap\u0131lamamas\u0131ndan KAPPATUR sorumlu tutulamaz.<br>&#8211; M\u00fcze ve \u00f6ren yerleri giri\u015fleri \u00fccreti fiyatlara d\u00e2hil de\u011fildir.<br>&#8211; 3 ki\u015filik odalarda ilave yatak uygulamas\u0131 olup 3. yatak standart yataktan k\u00fc\u00e7\u00fckt\u00fcr ve \/ yeya ilave ac\u0131lan kapanan ek yatakt\u0131r.<br>&#8211; \u00c7ocuk indirimi sadece 2 yeti\u015fkin yan\u0131nda kalan belirli ya\u015f grubu i\u00e7erisindeki \u00e7ocuklar i\u00e7in ge\u00e7erlidir.<br>&#8211; Kappa Tur konsoloslukla m\u00fc\u015fterilerimiz aras\u0131nda sadece arac\u0131 konumda olup vizenin her hangi bir neden ile onaylanmamas\u0131, yeti\u015fmemesi ve \/ veya vizede yanl\u0131\u015fl\u0131klar olu\u015fmas\u0131 halinde hi\u00e7bir sorumlulu\u011fu olmay\u0131p yolcunun hi\u00e7bir \u015fekilde Kappa tur dan tazminat hakk\u0131 yoktur.<br>&#8211; Vizenin gidilecek tura ilk giri\u015f yap\u0131lan \u00fclkeden veya en fazla konaklama yap\u0131lacak \u00fclkeden al\u0131nmas\u0131 gereklidir aksi halde pasaport polislerinin \u00fclkeye giri\u015f yapt\u0131rmamas\u0131ndan kappatur kesinlikle sorumlu de\u011fildir.<br>&#8211; Otellerde al\u0131nan kahvalt\u0131 standard\u0131 Continental kahvalt\u0131 olup tereya\u011f\u0131 re\u00e7el kahve veya \u00e7aydan ibarettir. Grup kahvalt\u0131lar\u0131 otellerde ayr\u0131 salonlarda al\u0131n\u0131p m\u00fcnferit yolcu kahvalt\u0131lar\u0131ndan farkl\u0131d\u0131r.<br>&#8211; Vize ba\u015fvurusu i\u00e7in en az 6 ay ge\u00e7erli pasaport ve acentelerimizden temin edebilece\u011finiz vize i\u00e7in gerekli evraklar listesinde belirtilen belgeler eksiksiz tur hareket tarihinden minimum 1 ay \u00f6nce yaz\u0131l\u0131 onay ile acentaya teslimi gerekmektedir.<br>TUR BRO\u015e\u00dcR\u00dcN\u00dc \u015eAHSIM VE BERABER\u0130MDEK\u0130 T\u00dcM KATILIMCILAR ADINA OKUDUM ANLADIM TESL\u0130M ALDIM.<br>\u0130S\u0130M SOY\u0130S\u0130M \u0130MZA :<\/p>\n\n\n\n<figure class=\"wp-block-image\"><img decoding=\"async\" src=\"https:\/\/kappatur.s3.eu-central-1.amazonaws.com\/harita\/BENELUX-PARIS\/KLUX-BNX\/harita.gif\" alt=\"\"\/><\/figure>\n","protected":false},"excerpt":{"rendered":"<p>THY \u0130LE PAR\u0130S(3)BR\u00dcKSEL(1)AMSTERDAM(2)LUXEMBURG(1) LUXLUX 3*4* OTELLER 1.G\u00dcN&nbsp;\u0399 ISTANBUL &#8211; LUKSEMBUGRG- PAR\u0130S (Cumartesi, 22 Ocak) Siz de\u011ferli misafirlerimiz ile \u0130stanbul Havaliman\u0131 D\u0131\u015f Hatlar gidi\u015f terminali Kappatur kontuarlar\u0131nda 07:30&#8217;da bulu\u015fma. Bagaj, bilet ve bini\u015f i\u015flemlerinin ard\u0131ndan T\u00fcrk Havayollar\u0131n\u0131n tarifeli TK1353 tarifeli seferi ile saat 09:35&#8217;da L\u00fcksemburg&#8217;a u\u00e7u\u015f.Yerel saat ile 11:00&#8217;da var\u0131\u015f\u0131m\u0131z\u0131n ard\u0131ndan bizleri bekleyen \u00f6zel otob\u00fcslerimiz ve<\/p>\n","protected":false},"author":2,"featured_media":5068,"comment_status":"open","ping_status":"open","sticky":false,"template":"","format":"standard","meta":{"footnotes":""},"categories":[1,123],"tags":[224,226,225,153],"views":370,"_links":{"self":[{"href":"https:\/\/www.yagizturizm.com\/index.php\/wp-json\/wp\/v2\/posts\/5067"}],"collection":[{"href":"https:\/\/www.yagizturizm.com\/index.php\/wp-json\/wp\/v2\/posts"}],"about":[{"href":"https:\/\/www.yagizturizm.com\/index.php\/wp-json\/wp\/v2\/types\/post"}],"author":[{"embeddable":true,"href":"https:\/\/www.yagizturizm.com\/index.php\/wp-json\/wp\/v2\/users\/2"}],"replies":[{"embeddable":true,"href":"https:\/\/www.yagizturizm.com\/index.php\/wp-json\/wp\/v2\/comments?post=5067"}],"version-history":[{"count":2,"href":"https:\/\/www.yagizturizm.com\/index.php\/wp-json\/wp\/v2\/posts\/5067\/revisions"}],"predecessor-version":[{"id":5072,"href":"https:\/\/www.yagizturizm.com\/index.php\/wp-json\/wp\/v2\/posts\/5067\/revisions\/5072"}],"wp:featuredmedia":[{"embeddable":true,"href":"https:\/\/www.yagizturizm.com\/index.php\/wp-json\/wp\/v2\/media\/5068"}],"wp:attachment":[{"href":"https:\/\/www.yagizturizm.com\/index.php\/wp-json\/wp\/v2\/media?parent=5067"}],"wp:term":[{"taxonomy":"category","embeddable":true,"href":"https:\/\/www.yagizturizm.com\/index.php\/wp-json\/wp\/v2\/categories?post=5067"},{"taxonomy":"post_tag","embeddable":true,"href":"https:\/\/www.yagizturizm.com\/index.php\/wp-json\/wp\/v2\/tags?post=5067"}],"curies":[{"name":"wp","href":"https:\/\/api.w.org\/{rel}","templated":true}]}}