{"id":4922,"date":"2017-09-20T17:41:45","date_gmt":"2017-09-20T14:41:45","guid":{"rendered":"http:\/\/www.yagizturizm.com\/?p=4922"},"modified":"2017-12-06T13:37:35","modified_gmt":"2017-12-06T10:37:35","slug":"swissotel-grand-efes-izmir","status":"publish","type":"post","link":"https:\/\/www.yagizturizm.com\/index.php\/2017\/09\/20\/swissotel-grand-efes-izmir\/","title":{"rendered":"Swissotel Grand Efes &#8211;  \u0130zmir"},"content":{"rendered":"<h3 class=\"hotel-info-name\">Swissotel Grand Efes<\/h3>\n<div id=\"hotel-info-less\" class=\"\">\n<div class=\"excerpt\">\n<p>Say\u0131s\u0131z tarihi g\u00fczellikleri ile d\u00fcnyan\u0131n en eski ve en g\u00fczel \u015fehirlerinden biri olan \u0130zmir\u2019in merkezinde bulunan Swiss\u00f4tel Grand Efes, \u0130zmir, \u015fehrin dinamik i\u015f ve al\u0131\u015fveri\u015f sahalar\u0131na olan yak\u0131nl\u0131\u011f\u0131, Uluslararas\u0131 \u0130zmir Fuar Alan\u0131\u2019na, Arkeoloji M\u00fczesi ve \u0130zmir K\u00f6rfezi k\u0131y\u0131s\u0131ndaki muhte\u015fem Kordon\u2019a y\u00fcr\u00fcme mesafesindeki konumuyla ula\u015f\u0131m a\u00e7\u0131s\u0131ndan misafirlerine b\u00fcy\u00fck bir rahatl\u0131k sa\u011flamaktad\u0131r.<\/p>\n<p>* 12 yas alti cocuklarin giremedigi lounge\u2019a yas sinirlamasi 8 yas alti olarak degismi\u015ftir.<\/p>\n<\/div>\n<\/div>\n<h2 class=\"hotel-info-head\">Otel \u00d6zellikleri<\/h2>\n<p>&nbsp;<\/p>\n<ul>\n<li>Swiss\u00f4tel Grand Efes, \u0130zmir\u2019in b\u00fcnyesinde yer alan t\u00fcm restoranlarda, geleneksel T\u00fcrk ve \u00e7a\u011fda\u015f d\u00fcnya mutfaklar\u0131n\u0131n en se\u00e7kin \u00f6rnekleri sunulmaktad\u0131r. Otelin ana restoran\u0131 Caf\u00e9 Swiss, ba\u015fta T\u00fcrk ve \u0130svi\u00e7re mutfa\u011f\u0131 olmak \u00fczere, Avrupa mutfaklar\u0131n\u0131n en g\u00fczel \u00f6rnekleri ile misafirlerinin hizmetindedir.<\/li>\n<li>Toplam 7,299 metrekarelik alan \u00fczerinde benzersiz teknolojik donan\u0131m\u0131yla dikkat \u00e7eken b\u00f6l\u00fcnebilir 19 toplant\u0131 salonu, konferans ve balo salonlar\u0131yla Grand Efes Convention Centre her t\u00fcrl\u00fc etkinlik ve organizasyon i\u00e7in kusursuz mekan alternatifleri sunmaktad\u0131r. Zemin katta yer alan \u201cSwissoffice\u201d i\u015f merkezi, sekreterlik hizmeti, telekom\u00fcnikasyon, fax ve fotokopi hizmetleri vermektedir.<\/li>\n<li>D\u00fcnyan\u0131n Lider Spalar\u0131\u2019n\u0131n T\u00fcrkiye\u2019deki ilk \u00fcyesi olma \u00f6zelli\u011fiyle onurland\u0131r\u0131lan Amrita Spa &amp; Wellness, fitness, rahatlama ve bak\u0131m uygulamalar\u0131n\u0131 Asya terapileri ile Bat\u0131 teknolojilerini birle\u015ftiren bir anlay\u0131\u015f i\u00e7inde misafirlerine sunmaktad\u0131r. Amrita, ad\u0131n\u0131 iksir anlam\u0131na gelen Sanskrit\u00e7e bir kelimeden alan ve size sa\u011fl\u0131kl\u0131 ya\u015fam konusunda ilham verecek olan l\u00fcks bir ya\u015fam tarz\u0131n\u0131 hizmetinize sunmaktad\u0131r.<\/li>\n<li>Swiss\u00f4tel Grand Efes, \u0130zmir 250 ara\u00e7 kapasiteli kapal\u0131 alanda otopark hizmeti sunmaktad\u0131r.<br \/>\n<h3 class=\"hotel-info-name\"><img decoding=\"async\" src=\"http:\/\/www.tatil.com\/app\/assets\/img\/konsept_ico.png\" \/>\u00a0Konsept<\/h3>\n<p>Oda Kahvalt\u0131<\/li>\n<\/ul>\n<p>&nbsp;<\/p>\n","protected":false},"excerpt":{"rendered":"<p>Swissotel Grand Efes Say\u0131s\u0131z tarihi g\u00fczellikleri ile d\u00fcnyan\u0131n en eski ve en g\u00fczel \u015fehirlerinden biri olan \u0130zmir\u2019in merkezinde bulunan Swiss\u00f4tel Grand Efes, \u0130zmir, \u015fehrin dinamik i\u015f ve al\u0131\u015fveri\u015f sahalar\u0131na olan yak\u0131nl\u0131\u011f\u0131, Uluslararas\u0131 \u0130zmir Fuar Alan\u0131\u2019na, Arkeoloji M\u00fczesi ve \u0130zmir K\u00f6rfezi k\u0131y\u0131s\u0131ndaki muhte\u015fem Kordon\u2019a y\u00fcr\u00fcme mesafesindeki konumuyla ula\u015f\u0131m a\u00e7\u0131s\u0131ndan misafirlerine b\u00fcy\u00fck bir rahatl\u0131k sa\u011flamaktad\u0131r. * 12<\/p>\n","protected":false},"author":2,"featured_media":4923,"comment_status":"open","ping_status":"open","sticky":false,"template":"","format":"standard","meta":{"footnotes":""},"categories":[132],"tags":[223],"views":298,"_links":{"self":[{"href":"https:\/\/www.yagizturizm.com\/index.php\/wp-json\/wp\/v2\/posts\/4922"}],"collection":[{"href":"https:\/\/www.yagizturizm.com\/index.php\/wp-json\/wp\/v2\/posts"}],"about":[{"href":"https:\/\/www.yagizturizm.com\/index.php\/wp-json\/wp\/v2\/types\/post"}],"author":[{"embeddable":true,"href":"https:\/\/www.yagizturizm.com\/index.php\/wp-json\/wp\/v2\/users\/2"}],"replies":[{"embeddable":true,"href":"https:\/\/www.yagizturizm.com\/index.php\/wp-json\/wp\/v2\/comments?post=4922"}],"version-history":[{"count":2,"href":"https:\/\/www.yagizturizm.com\/index.php\/wp-json\/wp\/v2\/posts\/4922\/revisions"}],"predecessor-version":[{"id":5004,"href":"https:\/\/www.yagizturizm.com\/index.php\/wp-json\/wp\/v2\/posts\/4922\/revisions\/5004"}],"wp:featuredmedia":[{"embeddable":true,"href":"https:\/\/www.yagizturizm.com\/index.php\/wp-json\/wp\/v2\/media\/4923"}],"wp:attachment":[{"href":"https:\/\/www.yagizturizm.com\/index.php\/wp-json\/wp\/v2\/media?parent=4922"}],"wp:term":[{"taxonomy":"category","embeddable":true,"href":"https:\/\/www.yagizturizm.com\/index.php\/wp-json\/wp\/v2\/categories?post=4922"},{"taxonomy":"post_tag","embeddable":true,"href":"https:\/\/www.yagizturizm.com\/index.php\/wp-json\/wp\/v2\/tags?post=4922"}],"curies":[{"name":"wp","href":"https:\/\/api.w.org\/{rel}","templated":true}]}}